{"id":664,"date":"2020-01-25T23:33:12","date_gmt":"2020-01-25T22:33:12","guid":{"rendered":"https:\/\/die-objektive.de\/wordpress\/?p=664"},"modified":"2021-11-11T19:53:41","modified_gmt":"2021-11-11T18:53:41","slug":"dasa","status":"publish","type":"post","link":"https:\/\/die-objektive.de\/wordpress\/2020\/01\/25\/dasa\/","title":{"rendered":"DASA"},"content":{"rendered":"<p>[et_pb_section fb_built=&#8220;1&#8243; theme_builder_area=&#8220;post_content&#8220; _builder_version=&#8220;4.13.0&#8243; _module_preset=&#8220;default&#8220;][et_pb_row _builder_version=&#8220;4.13.0&#8243; _module_preset=&#8220;default&#8220; column_structure=&#8220;2_5,3_5&#8243; theme_builder_area=&#8220;post_content&#8220;][et_pb_column _builder_version=&#8220;4.13.0&#8243; _module_preset=&#8220;default&#8220; type=&#8220;2_5&#8243; theme_builder_area=&#8220;post_content&#8220;][et_pb_text _builder_version=&#8220;4.13.0&#8243; background_size=&#8220;initial&#8220; background_position=&#8220;top_left&#8220; background_repeat=&#8220;repeat&#8220; hover_enabled=&#8220;0&#8243; global_colors_info=&#8220;{}&#8220; theme_builder_area=&#8220;post_content&#8220; sticky_enabled=&#8220;0&#8243;]<\/p>\n<blockquote>\n<p style=\"text-align: justify;\">Arbeitssicherheit, ne wie langweilig\u2026<\/p>\n<\/blockquote>\n<p style=\"text-align: justify;\">So viele Meinungen derer, die bisher die Arbeitsschutzausstellung der <a href=\"https:\/\/www.dasa-dortmund.de\/\" target=\"_blank\" rel=\"noopener\">DASA in Dortmund<\/a> noch nicht besucht hatten. Aber man wurde als pr\u00e4nataler DASA-Besucher eines Besseren belehrt! Was f\u00fcr eine tolle Ausstellung mit unz\u00e4hligen Fotomotiven.<\/p>\n<p style=\"text-align: justify;\">Einziger Wehrmutstropfen, den man als Fotograf in der Ausstellung schlucken muss: &#8222;Keine Fotorucks\u00e4cke erlaubt!&#8220; Nat\u00fcrlich der Sicherheit wegen. Stolperanf\u00e4llige Stative sind jedoch herzlich willkommen in der Ausstellung.<\/p>\n<p style=\"text-align: justify;\">[\/et_pb_text][\/et_pb_column][et_pb_column _builder_version=&#8220;4.13.0&#8243; _module_preset=&#8220;default&#8220; type=&#8220;3_5&#8243; theme_builder_area=&#8220;post_content&#8220;][elegantGallery_main gallery_ids=&#8220;3907,3910,3914,3912,3911,3913,3908,3995,3996,3988,3990,3989,3991,3987,3985,3994,3993,3986,3998,3997,4387,4388,4389,4390,4391,4392,4393,4394,4395,4396&#8243; show_grid_title=&#8220;off&#8220; _builder_version=&#8220;4.12.1&#8243; _module_preset=&#8220;8a853ebe-9219-4c2d-be22-afd6d2870799&#8243; global_colors_info=&#8220;{}&#8220; theme_builder_area=&#8220;post_content&#8220;][\/elegantGallery_main][\/et_pb_column][\/et_pb_row][\/et_pb_section]<\/p>\n","protected":false},"excerpt":{"rendered":"<p>Arbeitssicherheit, ne wie langweilig\u2026 So viele Meinungen derer, die bisher die Arbeitsschutzausstellung der DASA in Dortmund noch nicht besucht hatten. Aber man wurde als pr\u00e4nataler DASA-Besucher eines Besseren belehrt! Was f\u00fcr eine tolle Ausstellung mit unz\u00e4hligen Fotomotiven. Einziger Wehrmutstropfen, den man als Fotograf in der Ausstellung schlucken muss: &#8222;Keine Fotorucks\u00e4cke erlaubt!&#8220; Nat\u00fcrlich der Sicherheit wegen. [&hellip;]<\/p>\n","protected":false},"author":2,"featured_media":3914,"comment_status":"open","ping_status":"closed","sticky":false,"template":"","format":"standard","meta":{"_et_pb_use_builder":"on","_et_pb_old_content":"<!-- wp:paragraph -->\n<p>25.01.2020<\/p>\n<!-- \/wp:paragraph -->","_et_gb_content_width":"2880","_themeisle_gutenberg_block_has_review":false,"footnotes":""},"categories":[8],"tags":[],"class_list":["post-664","post","type-post","status-publish","format-standard","has-post-thumbnail","hentry","category-aktivitaetenbericht"],"_links":{"self":[{"href":"https:\/\/die-objektive.de\/wordpress\/wp-json\/wp\/v2\/posts\/664","targetHints":{"allow":["GET"]}}],"collection":[{"href":"https:\/\/die-objektive.de\/wordpress\/wp-json\/wp\/v2\/posts"}],"about":[{"href":"https:\/\/die-objektive.de\/wordpress\/wp-json\/wp\/v2\/types\/post"}],"author":[{"embeddable":true,"href":"https:\/\/die-objektive.de\/wordpress\/wp-json\/wp\/v2\/users\/2"}],"replies":[{"embeddable":true,"href":"https:\/\/die-objektive.de\/wordpress\/wp-json\/wp\/v2\/comments?post=664"}],"version-history":[{"count":0,"href":"https:\/\/die-objektive.de\/wordpress\/wp-json\/wp\/v2\/posts\/664\/revisions"}],"wp:featuredmedia":[{"embeddable":true,"href":"https:\/\/die-objektive.de\/wordpress\/wp-json\/wp\/v2\/media\/3914"}],"wp:attachment":[{"href":"https:\/\/die-objektive.de\/wordpress\/wp-json\/wp\/v2\/media?parent=664"}],"wp:term":[{"taxonomy":"category","embeddable":true,"href":"https:\/\/die-objektive.de\/wordpress\/wp-json\/wp\/v2\/categories?post=664"},{"taxonomy":"post_tag","embeddable":true,"href":"https:\/\/die-objektive.de\/wordpress\/wp-json\/wp\/v2\/tags?post=664"}],"curies":[{"name":"wp","href":"https:\/\/api.w.org\/{rel}","templated":true}]}}