{"id":5192,"date":"2023-01-21T11:00:00","date_gmt":"2023-01-21T10:00:00","guid":{"rendered":"https:\/\/die-objektive.de\/wordpress\/?p=5192"},"modified":"2023-05-04T22:29:52","modified_gmt":"2023-05-04T20:29:52","slug":"stars-of-the-galaxy-part-2","status":"publish","type":"post","link":"https:\/\/die-objektive.de\/wordpress\/2023\/01\/21\/stars-of-the-galaxy-part-2\/","title":{"rendered":"Stars of the Galaxy &#8211; Part 2"},"content":{"rendered":"<p>[et_pb_section fb_built=&#8220;1&#8243; _builder_version=&#8220;4.21.0&#8243; _module_preset=&#8220;cdb0fc63-0279-4e2a-a485-256f2329b29f&#8220; background_color=&#8220;rgba(0,178,177,0.66)&#8220; global_colors_info=&#8220;{}&#8220;][et_pb_row column_structure=&#8220;2_5,3_5&#8243; use_custom_gutter=&#8220;on&#8220; gutter_width=&#8220;1&#8243; _builder_version=&#8220;4.18.0&#8243; background_size=&#8220;initial&#8220; background_position=&#8220;top_left&#8220; background_repeat=&#8220;repeat&#8220; custom_padding=&#8220;4px|4px|4px|4px|true|true&#8220; border_color_all=&#8220;#FF7628&#8243; global_colors_info=&#8220;{}&#8220;][et_pb_column type=&#8220;2_5&#8243; _builder_version=&#8220;4.16&#8243; custom_padding=&#8220;|||&#8220; global_colors_info=&#8220;{}&#8220; custom_padding__hover=&#8220;|||&#8220;][et_pb_text _builder_version=&#8220;4.21.0&#8243; background_size=&#8220;initial&#8220; background_position=&#8220;top_left&#8220; background_repeat=&#8220;repeat&#8220; custom_margin=&#8220;|14px|||false|false&#8220; global_colors_info=&#8220;{}&#8220;]<\/p>\n<blockquote>\n<h2 style=\"text-align: left;\">Zum zweiten Mal besuchen wir, diesmal lediglich als Troika, in <a href=\"https:\/\/www.starsofthegalaxy.de\" target=\"_blank\" rel=\"noopener\">M\u00f6nchengladbach Stars of the Galaxy<\/a>.<\/h2>\n<\/blockquote>\n<p style=\"text-align: justify;\">Der Januar bietet sich daf\u00fcr genial an, da die Ausstellung im alten Hallenbad von M\u00f6nchengladbach untergebracht ist. D. h. wetterunabh\u00e4ngig Fotos machen. Das Fotografieren der Ausstellung ist ausdr\u00fccklich erlaubt und man freut sich auch immer, wenn die Bilder dem Aussteller zur Verf\u00fcgung gestellt werden.<\/p>\n<p style=\"text-align: justify;\">Die Ausstellung umfass \u00fcberwiegend Devotionalien aus der Star Wars Saga aber auch andere Exponate finden einen w\u00fcrdigen Rahmen.<\/p>\n<p style=\"text-align: justify;\">Man ist wiederholt sprachlos \u00fcber die teilweise hohe Detailgenauigkeit der kleinen Figuren. Zwar sind Ausstellungsst\u00fccke hinter Glas aber bei geschickter Nutzung der Winterjacke um Spieglungen der umliegenden Beleuchtung zu eleminieren, bekommt man erstaunlich gute Fotos zu stande. Der Nutzung eines Statives wurde erlaubt. Man muss nur bedenken, dass teilweise das Stativ den Gang blockiert. Da an diesem Samstag, den 21.01.2023 auch noch Geburtstagsfeiern abgehalten wurden und zwei Besuchergruppen gef\u00fchrt wurden, musste man die L\u00fccken zwischen den Gruppe zum Aufstellen des Stativs etwas koordinieren. Das ging aber wunderbar in der gro\u00dfen Ausstellungsfl\u00e4che.<\/p>\n<p>[\/et_pb_text][\/et_pb_column][et_pb_column type=&#8220;3_5&#8243; _builder_version=&#8220;4.16&#8243; custom_padding=&#8220;|||&#8220; global_colors_info=&#8220;{}&#8220; custom_padding__hover=&#8220;|||&#8220;][elegantGallery_main gallery_ids=&#8220;5332,5331,5330,5329,5328,5327,5211,5212,5326,5213,5214,5325,5247,5324,5323,5215,5322,5216,5321,5217,5218,5320,5219,5319,5318,5220,5317,5221,5210,5222,5196,5316,5315,5314,5313,5223,5224,5312,5191,5190,5311,5189,5310,5188,5187,5225,5309,5226,5227,5186,5308,5307,5185,5306,5209,5207,5206,5228,5205,5229,5230,5305,5204,5304,5231,5202,5232,5233,5303,5201,5302,5234,5235,5301,5300,5236,5299,5237,5238,5239,5298,5199,5297,5296,5198,5240,5241,5295,5242,5294,5243,5293,5244,5292,5245,5197,5291,5290,5246,5195,5289,5193,5288&#8243; _builder_version=&#8220;4.21.0&#8243; _module_preset=&#8220;8a853ebe-9219-4c2d-be22-afd6d2870799&#8243; global_colors_info=&#8220;{}&#8220;][\/elegantGallery_main][\/et_pb_column][\/et_pb_row][\/et_pb_section]<\/p>\n","protected":false},"excerpt":{"rendered":"<p>Zum zweiten Mal besuchen wir, diesmal lediglich als Troika, in M\u00f6nchengladbach Stars of the Galaxy. Der Januar bietet sich daf\u00fcr genial an, da die Ausstellung im alten Hallenbad von M\u00f6nchengladbach untergebracht ist. D. h. wetterunabh\u00e4ngig Fotos machen. Das Fotografieren der Ausstellung ist ausdr\u00fccklich erlaubt und man freut sich auch immer, wenn die Bilder dem Aussteller [&hellip;]<\/p>\n","protected":false},"author":2,"featured_media":5185,"comment_status":"open","ping_status":"closed","sticky":false,"template":"","format":"standard","meta":{"_et_pb_use_builder":"on","_et_pb_old_content":"","_et_gb_content_width":"2880","_themeisle_gutenberg_block_has_review":false,"footnotes":""},"categories":[8],"tags":[],"class_list":["post-5192","post","type-post","status-publish","format-standard","has-post-thumbnail","hentry","category-aktivitaetenbericht"],"_links":{"self":[{"href":"https:\/\/die-objektive.de\/wordpress\/wp-json\/wp\/v2\/posts\/5192","targetHints":{"allow":["GET"]}}],"collection":[{"href":"https:\/\/die-objektive.de\/wordpress\/wp-json\/wp\/v2\/posts"}],"about":[{"href":"https:\/\/die-objektive.de\/wordpress\/wp-json\/wp\/v2\/types\/post"}],"author":[{"embeddable":true,"href":"https:\/\/die-objektive.de\/wordpress\/wp-json\/wp\/v2\/users\/2"}],"replies":[{"embeddable":true,"href":"https:\/\/die-objektive.de\/wordpress\/wp-json\/wp\/v2\/comments?post=5192"}],"version-history":[{"count":7,"href":"https:\/\/die-objektive.de\/wordpress\/wp-json\/wp\/v2\/posts\/5192\/revisions"}],"predecessor-version":[{"id":5430,"href":"https:\/\/die-objektive.de\/wordpress\/wp-json\/wp\/v2\/posts\/5192\/revisions\/5430"}],"wp:featuredmedia":[{"embeddable":true,"href":"https:\/\/die-objektive.de\/wordpress\/wp-json\/wp\/v2\/media\/5185"}],"wp:attachment":[{"href":"https:\/\/die-objektive.de\/wordpress\/wp-json\/wp\/v2\/media?parent=5192"}],"wp:term":[{"taxonomy":"category","embeddable":true,"href":"https:\/\/die-objektive.de\/wordpress\/wp-json\/wp\/v2\/categories?post=5192"},{"taxonomy":"post_tag","embeddable":true,"href":"https:\/\/die-objektive.de\/wordpress\/wp-json\/wp\/v2\/tags?post=5192"}],"curies":[{"name":"wp","href":"https:\/\/api.w.org\/{rel}","templated":true}]}}